{"id":1298,"date":"2022-03-15T09:16:58","date_gmt":"2022-03-15T08:16:58","guid":{"rendered":"https:\/\/arcis.org.es\/?p=1298"},"modified":"2024-05-31T11:42:29","modified_gmt":"2024-05-31T09:42:29","slug":"noticias-21","status":"publish","type":"post","link":"https:\/\/arcis.org.es\/index.php\/2022\/03\/15\/noticias-21\/","title":{"rendered":"Resultados Asamblea general (a\u00f1o 2021)"},"content":{"rendered":"<p style=\"text-align: justify;\">El pasado 19 de febrero tuvo lugar en la Biblioteca municipal \u00abBenito P\u00e9rez Gald\u00f3s\u00bb de Pe\u00f1as de San Pedro la asamblea general de la Asociaci\u00f3n cultural ARCIS. En ella los miembros y la Junta directiva de la asociaci\u00f3n pudieron retomar el intercambio de sus pareceres despu\u00e9s de haberse suspendido las anteriores reuniones por los problemas derivados del COVID 19.<\/p>\n<p style=\"text-align: justify;\">El orden del d\u00eda desarrollado fue el siguiente:<\/p>\n<ol style=\"text-align: justify;\">\n<li>Lectura del acta anterior y aprobaci\u00f3n si procede.<\/li>\n<li>Repaso de las actividades desarrolladas durante 2021.<\/li>\n<li>Presentar el estado de cuentas.<\/li>\n<li>Planificar las actuaciones a desarrollar durante el a\u00f1o 2022<\/li>\n<li>Ruegos y preguntas.<\/li>\n<\/ol>\n<p style=\"text-align: justify;\">As\u00ed, se estableci\u00f3 un calendario de tareas para desarrollar durante todo este a\u00f1o 2022 en las que se pretende recuperar proyectos pasados, nuevos viajes culturales y otras novedades que iremos comentando a lo largo de los meses. Esperamos contar con vuestra participaci\u00f3n en todas ellas.<\/p>\n","protected":false},"excerpt":{"rendered":"<p>Resumen de la asamblea general de la asociaci\u00f3n desarrollada el pasado 19 de febrero de 2022, en la cual se hizo balance de pasado a\u00f1o y se program\u00f3 el siguiente. <\/p>\n","protected":false},"author":2,"featured_media":426,"comment_status":"closed","ping_status":"open","sticky":false,"template":"","format":"standard","meta":{"_eb_attr":"","footnotes":""},"categories":[3],"tags":[],"_links":{"self":[{"href":"https:\/\/arcis.org.es\/index.php\/wp-json\/wp\/v2\/posts\/1298"}],"collection":[{"href":"https:\/\/arcis.org.es\/index.php\/wp-json\/wp\/v2\/posts"}],"about":[{"href":"https:\/\/arcis.org.es\/index.php\/wp-json\/wp\/v2\/types\/post"}],"author":[{"embeddable":true,"href":"https:\/\/arcis.org.es\/index.php\/wp-json\/wp\/v2\/users\/2"}],"replies":[{"embeddable":true,"href":"https:\/\/arcis.org.es\/index.php\/wp-json\/wp\/v2\/comments?post=1298"}],"version-history":[{"count":4,"href":"https:\/\/arcis.org.es\/index.php\/wp-json\/wp\/v2\/posts\/1298\/revisions"}],"predecessor-version":[{"id":1303,"href":"https:\/\/arcis.org.es\/index.php\/wp-json\/wp\/v2\/posts\/1298\/revisions\/1303"}],"wp:featuredmedia":[{"embeddable":true,"href":"https:\/\/arcis.org.es\/index.php\/wp-json\/wp\/v2\/media\/426"}],"wp:attachment":[{"href":"https:\/\/arcis.org.es\/index.php\/wp-json\/wp\/v2\/media?parent=1298"}],"wp:term":[{"taxonomy":"category","embeddable":true,"href":"https:\/\/arcis.org.es\/index.php\/wp-json\/wp\/v2\/categories?post=1298"},{"taxonomy":"post_tag","embeddable":true,"href":"https:\/\/arcis.org.es\/index.php\/wp-json\/wp\/v2\/tags?post=1298"}],"curies":[{"name":"wp","href":"https:\/\/api.w.org\/{rel}","templated":true}]}}