{"id":1369,"date":"2022-11-13T13:15:38","date_gmt":"2022-11-13T12:15:38","guid":{"rendered":"https:\/\/arcis.org.es\/?p=1369"},"modified":"2024-05-31T11:41:19","modified_gmt":"2024-05-31T09:41:19","slug":"noticias-30","status":"publish","type":"post","link":"https:\/\/arcis.org.es\/index.php\/2022\/11\/13\/noticias-30\/","title":{"rendered":"Conclusiones V Jornadas de Recuperaci\u00f3n y Revalorizaci\u00f3n del Patrimonio cultural"},"content":{"rendered":"<p style=\"text-align: justify;\">El pasado <strong>3 y 4 de noviembre<\/strong> de 2022 tuvieron lugar las <strong>V Jornadas de Recuperaci\u00f3n y Revalorizaci\u00f3n del Patrimonio cultural: <span style=\"text-decoration: underline;\">una lectura interdisciplinar<\/span><\/strong>. En esta edici\u00f3n el tema a tratar ha sido la necesidad de colaboraci\u00f3n entre las diferentes materias y disciplinas para abordar de la manera m\u00e1s \u00edntegra proyectos dentro del patrimonio cultural. La cooperaci\u00f3n y el trabajo conjunto es fundamental para conseguir resultados mucho m\u00e1s completos y satisfactorios en todos los \u00e1mbitos de trabajo de los diferentes tipos de patrimonio.<\/p>\n\n\n<div class=\"wp-block-image\"><figure class=\"aligncenter size-large is-resized\"><a href=\"https:\/\/arcis.org.es\/wp-content\/uploads\/2022\/11\/pena_del_castillo_11-scaled.jpg\"><img fetchpriority=\"high\" decoding=\"async\" src=\"https:\/\/arcis.org.es\/wp-content\/uploads\/2022\/11\/pena_del_castillo_11-1024x768.jpg\" alt=\"\" class=\"wp-image-1371\" width=\"658\" height=\"494\" srcset=\"https:\/\/arcis.org.es\/wp-content\/uploads\/2022\/11\/pena_del_castillo_11-1024x768.jpg 1024w, https:\/\/arcis.org.es\/wp-content\/uploads\/2022\/11\/pena_del_castillo_11-300x225.jpg 300w, https:\/\/arcis.org.es\/wp-content\/uploads\/2022\/11\/pena_del_castillo_11-768x576.jpg 768w, https:\/\/arcis.org.es\/wp-content\/uploads\/2022\/11\/pena_del_castillo_11-1536x1152.jpg 1536w, https:\/\/arcis.org.es\/wp-content\/uploads\/2022\/11\/pena_del_castillo_11-2048x1536.jpg 2048w\" sizes=\"(max-width: 658px) 100vw, 658px\" \/><\/a><figcaption>Inauguraci\u00f3n de las V Jornadas de Recuperaci\u00f3n y Revalorizaci\u00f3n del Patrimonio con la presencia de la Vicerrectora de  Transferencia e Innovaci\u00f3n, \u00c1ngela Gonz\u00e1lez Moreno, el Decano de la Facultad de Humanidades de Albacete, Fernando Gonz\u00e1lez Moreno, el representante del Ayuntamiento de Pe\u00f1as de San Pedro, Alejandro Jaquero Esparcia, y la Directora de las Jornadas, Luc\u00eda Soria Combadiera.<\/figcaption><\/figure><\/div>\n\n\n<p style=\"text-align: justify;\">A lo largo de los dos d\u00edas -el primero de ellos en la Facultad de Humanidades de Albacete y el segundo en la localidad de Pe\u00f1as de San Pedro- pudimos asistir a una serie de ponencias de gran inter\u00e9s, que a trav\u00e9s de ejemplos reales nos mostraron la posibilidad y necesidad de esta interdisciplinariedad. <strong>Jos\u00e9 Manuel Almansa Moreno <\/strong>(Universidad de Ja\u00e9n) nos habl\u00f3 de la recuperaci\u00f3n de la Iglesia de San Lorenzo de \u00dabeda, as\u00ed como del gran trabajo que se est\u00e1 realizando en el conjunto para convertirse en un referente cultural y <strong>Cristina Pe\u00f1a<\/strong> (Universidad de Castilla-La Mancha) trat\u00f3 el tema de la conservaci\u00f3n y puesta en valor del conjunto arqueol\u00f3gico del Castillo de la Estrella de Montiel<\/p>\n\n\n<figure class=\"wp-block-gallery has-nested-images columns-4 is-cropped wp-block-gallery-1 is-layout-flex wp-block-gallery-is-layout-flex\">\n<figure class=\"wp-block-image size-large\"><a href=\"https:\/\/arcis.org.es\/wp-content\/uploads\/2022\/11\/pena_del_castillo_10-scaled.jpg\"><img decoding=\"async\" width=\"2560\" height=\"1920\" data-id=\"1372\" src=\"https:\/\/arcis.org.es\/wp-content\/uploads\/2022\/11\/pena_del_castillo_10-scaled.jpg\" alt=\"\" class=\"wp-image-1372\" srcset=\"https:\/\/arcis.org.es\/wp-content\/uploads\/2022\/11\/pena_del_castillo_10-scaled.jpg 2560w, https:\/\/arcis.org.es\/wp-content\/uploads\/2022\/11\/pena_del_castillo_10-300x225.jpg 300w, https:\/\/arcis.org.es\/wp-content\/uploads\/2022\/11\/pena_del_castillo_10-1024x768.jpg 1024w, https:\/\/arcis.org.es\/wp-content\/uploads\/2022\/11\/pena_del_castillo_10-768x576.jpg 768w, https:\/\/arcis.org.es\/wp-content\/uploads\/2022\/11\/pena_del_castillo_10-1536x1152.jpg 1536w, https:\/\/arcis.org.es\/wp-content\/uploads\/2022\/11\/pena_del_castillo_10-2048x1536.jpg 2048w\" sizes=\"(max-width: 2560px) 100vw, 2560px\" \/><\/a><figcaption>Jos\u00e9 Manuel Almansa y Alejandro Jaquero<\/figcaption><\/figure>\n\n\n\n<figure class=\"wp-block-image size-large\"><a href=\"https:\/\/arcis.org.es\/wp-content\/uploads\/2022\/11\/IMG_20221103_172326-scaled.jpg\"><img decoding=\"async\" width=\"1920\" height=\"2560\" data-id=\"1373\" src=\"https:\/\/arcis.org.es\/wp-content\/uploads\/2022\/11\/IMG_20221103_172326-scaled.jpg\" alt=\"\" class=\"wp-image-1373\" srcset=\"https:\/\/arcis.org.es\/wp-content\/uploads\/2022\/11\/IMG_20221103_172326-scaled.jpg 1920w, https:\/\/arcis.org.es\/wp-content\/uploads\/2022\/11\/IMG_20221103_172326-225x300.jpg 225w, https:\/\/arcis.org.es\/wp-content\/uploads\/2022\/11\/IMG_20221103_172326-768x1024.jpg 768w, https:\/\/arcis.org.es\/wp-content\/uploads\/2022\/11\/IMG_20221103_172326-1152x1536.jpg 1152w, https:\/\/arcis.org.es\/wp-content\/uploads\/2022\/11\/IMG_20221103_172326-1536x2048.jpg 1536w\" sizes=\"(max-width: 1920px) 100vw, 1920px\" \/><\/a><figcaption>Jos\u00e9 Manuel Almansa<\/figcaption><\/figure>\n\n\n\n<figure class=\"wp-block-image size-large\"><a href=\"https:\/\/arcis.org.es\/wp-content\/uploads\/2022\/11\/pena_del_castillo_11-1-scaled.jpg\"><img loading=\"lazy\" decoding=\"async\" width=\"2560\" height=\"1921\" data-id=\"1375\" src=\"https:\/\/arcis.org.es\/wp-content\/uploads\/2022\/11\/pena_del_castillo_11-1-scaled.jpg\" alt=\"\" class=\"wp-image-1375\" srcset=\"https:\/\/arcis.org.es\/wp-content\/uploads\/2022\/11\/pena_del_castillo_11-1-scaled.jpg 2560w, https:\/\/arcis.org.es\/wp-content\/uploads\/2022\/11\/pena_del_castillo_11-1-300x225.jpg 300w, https:\/\/arcis.org.es\/wp-content\/uploads\/2022\/11\/pena_del_castillo_11-1-1024x768.jpg 1024w, https:\/\/arcis.org.es\/wp-content\/uploads\/2022\/11\/pena_del_castillo_11-1-768x576.jpg 768w, https:\/\/arcis.org.es\/wp-content\/uploads\/2022\/11\/pena_del_castillo_11-1-1536x1152.jpg 1536w, https:\/\/arcis.org.es\/wp-content\/uploads\/2022\/11\/pena_del_castillo_11-1-2048x1536.jpg 2048w\" sizes=\"(max-width: 2560px) 100vw, 2560px\" \/><\/a><figcaption>Cristina Pe\u00f1a y Luc\u00eda Soria<\/figcaption><\/figure>\n\n\n\n<figure class=\"wp-block-image size-large\"><a href=\"https:\/\/arcis.org.es\/wp-content\/uploads\/2022\/11\/IMG_20221103_192811-scaled.jpg\"><img loading=\"lazy\" decoding=\"async\" width=\"2560\" height=\"1975\" data-id=\"1374\" src=\"https:\/\/arcis.org.es\/wp-content\/uploads\/2022\/11\/IMG_20221103_192811-scaled.jpg\" alt=\"\" class=\"wp-image-1374\" srcset=\"https:\/\/arcis.org.es\/wp-content\/uploads\/2022\/11\/IMG_20221103_192811-scaled.jpg 2560w, https:\/\/arcis.org.es\/wp-content\/uploads\/2022\/11\/IMG_20221103_192811-300x231.jpg 300w, https:\/\/arcis.org.es\/wp-content\/uploads\/2022\/11\/IMG_20221103_192811-1024x790.jpg 1024w, https:\/\/arcis.org.es\/wp-content\/uploads\/2022\/11\/IMG_20221103_192811-768x593.jpg 768w, https:\/\/arcis.org.es\/wp-content\/uploads\/2022\/11\/IMG_20221103_192811-1536x1185.jpg 1536w, https:\/\/arcis.org.es\/wp-content\/uploads\/2022\/11\/IMG_20221103_192811-2048x1580.jpg 2048w\" sizes=\"(max-width: 2560px) 100vw, 2560px\" \/><\/a><figcaption>Cristina Pe\u00f1a<\/figcaption><\/figure>\n<\/figure>\n\n\n<p style=\"text-align: justify;\">El segundo d\u00eda en Pe\u00f1as de San Pedro, antes de continuar con las comunicaciones programadas, pudimos <strong>visitar el yacimiento de \u00abPe\u00f1a del Castillo\u00bb<\/strong>, que desde el origen de las Jornadas ha sido el eje vertebrador de todas ellas y ha servido de nexo de uni\u00f3n a lo largo de estos a\u00f1os para abordar de diferentes formas el estudio del patrimonio cultural. Junto a <strong>Luis Miguel Fern\u00e1ndez-Montes<\/strong> (arque\u00f3logo del proyecto PECT) y <strong>Alejandro Jaquero<\/strong> (Universidad de Castilla-La Mancha) pudimos ver los avances de los trabajos arqueol\u00f3gicos que se han realizado el pasado verano en la sexta campa\u00f1a de excavaciones. Adem\u00e1s, aunque no estaba dentro de la programaci\u00f3n, tuvimos la oportunidad de visitar la iglesia de Nuestra Se\u00f1ora de la Esperanza, otro de los elementos patrimoniales con los que cuenta la localidad de Pe\u00f1as de San Pedro y que no dej\u00f3 indiferentes a los asistentes.<\/p>\n\n\n<figure class=\"wp-block-gallery has-nested-images columns-4 is-cropped wp-block-gallery-2 is-layout-flex wp-block-gallery-is-layout-flex\">\n<figure class=\"wp-block-image size-large\"><a href=\"https:\/\/arcis.org.es\/wp-content\/uploads\/2022\/11\/pena_del_castillo_1-scaled.jpg\"><img loading=\"lazy\" decoding=\"async\" width=\"2560\" height=\"1920\" data-id=\"1377\" src=\"https:\/\/arcis.org.es\/wp-content\/uploads\/2022\/11\/pena_del_castillo_1-scaled.jpg\" alt=\"\" class=\"wp-image-1377\" srcset=\"https:\/\/arcis.org.es\/wp-content\/uploads\/2022\/11\/pena_del_castillo_1-scaled.jpg 2560w, https:\/\/arcis.org.es\/wp-content\/uploads\/2022\/11\/pena_del_castillo_1-300x225.jpg 300w, https:\/\/arcis.org.es\/wp-content\/uploads\/2022\/11\/pena_del_castillo_1-1024x768.jpg 1024w, https:\/\/arcis.org.es\/wp-content\/uploads\/2022\/11\/pena_del_castillo_1-768x576.jpg 768w, https:\/\/arcis.org.es\/wp-content\/uploads\/2022\/11\/pena_del_castillo_1-1536x1152.jpg 1536w, https:\/\/arcis.org.es\/wp-content\/uploads\/2022\/11\/pena_del_castillo_1-2048x1536.jpg 2048w\" sizes=\"(max-width: 2560px) 100vw, 2560px\" \/><\/a><figcaption>Subida a la pe\u00f1a<\/figcaption><\/figure>\n\n\n\n<figure class=\"wp-block-image size-large\"><a href=\"https:\/\/arcis.org.es\/wp-content\/uploads\/2022\/11\/pena_del_castillo_2-scaled.jpg\"><img loading=\"lazy\" decoding=\"async\" width=\"2560\" height=\"1920\" data-id=\"1378\" src=\"https:\/\/arcis.org.es\/wp-content\/uploads\/2022\/11\/pena_del_castillo_2-scaled.jpg\" alt=\"\" class=\"wp-image-1378\" srcset=\"https:\/\/arcis.org.es\/wp-content\/uploads\/2022\/11\/pena_del_castillo_2-scaled.jpg 2560w, https:\/\/arcis.org.es\/wp-content\/uploads\/2022\/11\/pena_del_castillo_2-300x225.jpg 300w, https:\/\/arcis.org.es\/wp-content\/uploads\/2022\/11\/pena_del_castillo_2-1024x768.jpg 1024w, https:\/\/arcis.org.es\/wp-content\/uploads\/2022\/11\/pena_del_castillo_2-768x576.jpg 768w, https:\/\/arcis.org.es\/wp-content\/uploads\/2022\/11\/pena_del_castillo_2-1536x1152.jpg 1536w, https:\/\/arcis.org.es\/wp-content\/uploads\/2022\/11\/pena_del_castillo_2-2048x1536.jpg 2048w\" sizes=\"(max-width: 2560px) 100vw, 2560px\" \/><\/a><figcaption>Luis Miguel Fern\u00e1ndez-Montes durante la visita en el pabell\u00f3n de hornos<\/figcaption><\/figure>\n\n\n\n<figure class=\"wp-block-image size-large\"><a href=\"https:\/\/arcis.org.es\/wp-content\/uploads\/2022\/11\/pena_del_castillo_3-scaled.jpg\"><img loading=\"lazy\" decoding=\"async\" width=\"2560\" height=\"1920\" data-id=\"1379\" src=\"https:\/\/arcis.org.es\/wp-content\/uploads\/2022\/11\/pena_del_castillo_3-scaled.jpg\" alt=\"\" class=\"wp-image-1379\" srcset=\"https:\/\/arcis.org.es\/wp-content\/uploads\/2022\/11\/pena_del_castillo_3-scaled.jpg 2560w, https:\/\/arcis.org.es\/wp-content\/uploads\/2022\/11\/pena_del_castillo_3-300x225.jpg 300w, https:\/\/arcis.org.es\/wp-content\/uploads\/2022\/11\/pena_del_castillo_3-1024x768.jpg 1024w, https:\/\/arcis.org.es\/wp-content\/uploads\/2022\/11\/pena_del_castillo_3-768x576.jpg 768w, https:\/\/arcis.org.es\/wp-content\/uploads\/2022\/11\/pena_del_castillo_3-1536x1152.jpg 1536w, https:\/\/arcis.org.es\/wp-content\/uploads\/2022\/11\/pena_del_castillo_3-2048x1536.jpg 2048w\" sizes=\"(max-width: 2560px) 100vw, 2560px\" \/><\/a><figcaption>Visita a la zona de la iglesia del Socorro<\/figcaption><\/figure>\n\n\n\n<figure class=\"wp-block-image size-large\"><a href=\"https:\/\/arcis.org.es\/wp-content\/uploads\/2022\/11\/pena_del_Castillo_12.jpg\"><img loading=\"lazy\" decoding=\"async\" width=\"1865\" height=\"2433\" data-id=\"1383\" src=\"https:\/\/arcis.org.es\/wp-content\/uploads\/2022\/11\/pena_del_Castillo_12.jpg\" alt=\"\" class=\"wp-image-1383\" srcset=\"https:\/\/arcis.org.es\/wp-content\/uploads\/2022\/11\/pena_del_Castillo_12.jpg 1865w, https:\/\/arcis.org.es\/wp-content\/uploads\/2022\/11\/pena_del_Castillo_12-230x300.jpg 230w, https:\/\/arcis.org.es\/wp-content\/uploads\/2022\/11\/pena_del_Castillo_12-785x1024.jpg 785w, https:\/\/arcis.org.es\/wp-content\/uploads\/2022\/11\/pena_del_Castillo_12-768x1002.jpg 768w, https:\/\/arcis.org.es\/wp-content\/uploads\/2022\/11\/pena_del_Castillo_12-1177x1536.jpg 1177w, https:\/\/arcis.org.es\/wp-content\/uploads\/2022\/11\/pena_del_Castillo_12-1570x2048.jpg 1570w\" sizes=\"(max-width: 1865px) 100vw, 1865px\" \/><\/a><figcaption>Luis Miguel Fern\u00e1ndez Montes y Alejandro Jaquero<\/figcaption><\/figure>\n\n\n\n<figure class=\"wp-block-image size-large\"><a href=\"https:\/\/arcis.org.es\/wp-content\/uploads\/2022\/11\/pena_del_castillo_5-scaled.jpg\"><img loading=\"lazy\" decoding=\"async\" width=\"2560\" height=\"1920\" data-id=\"1380\" src=\"https:\/\/arcis.org.es\/wp-content\/uploads\/2022\/11\/pena_del_castillo_5-scaled.jpg\" alt=\"\" class=\"wp-image-1380\" srcset=\"https:\/\/arcis.org.es\/wp-content\/uploads\/2022\/11\/pena_del_castillo_5-scaled.jpg 2560w, https:\/\/arcis.org.es\/wp-content\/uploads\/2022\/11\/pena_del_castillo_5-300x225.jpg 300w, https:\/\/arcis.org.es\/wp-content\/uploads\/2022\/11\/pena_del_castillo_5-1024x768.jpg 1024w, https:\/\/arcis.org.es\/wp-content\/uploads\/2022\/11\/pena_del_castillo_5-768x576.jpg 768w, https:\/\/arcis.org.es\/wp-content\/uploads\/2022\/11\/pena_del_castillo_5-1536x1152.jpg 1536w, https:\/\/arcis.org.es\/wp-content\/uploads\/2022\/11\/pena_del_castillo_5-2048x1536.jpg 2048w\" sizes=\"(max-width: 2560px) 100vw, 2560px\" \/><\/a><figcaption>Bajada de la pe\u00f1a por el acceso medieval<\/figcaption><\/figure>\n\n\n\n<figure class=\"wp-block-image size-large\"><a href=\"https:\/\/arcis.org.es\/wp-content\/uploads\/2022\/11\/pena_del_castillo_6-scaled.jpg\"><img loading=\"lazy\" decoding=\"async\" width=\"2560\" height=\"1920\" data-id=\"1381\" src=\"https:\/\/arcis.org.es\/wp-content\/uploads\/2022\/11\/pena_del_castillo_6-scaled.jpg\" alt=\"\" class=\"wp-image-1381\" srcset=\"https:\/\/arcis.org.es\/wp-content\/uploads\/2022\/11\/pena_del_castillo_6-scaled.jpg 2560w, https:\/\/arcis.org.es\/wp-content\/uploads\/2022\/11\/pena_del_castillo_6-300x225.jpg 300w, https:\/\/arcis.org.es\/wp-content\/uploads\/2022\/11\/pena_del_castillo_6-1024x768.jpg 1024w, https:\/\/arcis.org.es\/wp-content\/uploads\/2022\/11\/pena_del_castillo_6-768x576.jpg 768w, https:\/\/arcis.org.es\/wp-content\/uploads\/2022\/11\/pena_del_castillo_6-1536x1152.jpg 1536w, https:\/\/arcis.org.es\/wp-content\/uploads\/2022\/11\/pena_del_castillo_6-2048x1536.jpg 2048w\" sizes=\"(max-width: 2560px) 100vw, 2560px\" \/><\/a><figcaption>Alejandro Jaquero durante la visita a la iglesia de Nuestra Se\u00f1ora de la Esperanza<\/figcaption><\/figure>\n\n\n\n<figure class=\"wp-block-image size-large\"><a href=\"https:\/\/arcis.org.es\/wp-content\/uploads\/2022\/11\/pena_del_castillo_7-scaled.jpg\"><img loading=\"lazy\" decoding=\"async\" width=\"1920\" height=\"2560\" data-id=\"1382\" src=\"https:\/\/arcis.org.es\/wp-content\/uploads\/2022\/11\/pena_del_castillo_7-scaled.jpg\" alt=\"\" class=\"wp-image-1382\" srcset=\"https:\/\/arcis.org.es\/wp-content\/uploads\/2022\/11\/pena_del_castillo_7-scaled.jpg 1920w, https:\/\/arcis.org.es\/wp-content\/uploads\/2022\/11\/pena_del_castillo_7-225x300.jpg 225w, https:\/\/arcis.org.es\/wp-content\/uploads\/2022\/11\/pena_del_castillo_7-768x1024.jpg 768w, https:\/\/arcis.org.es\/wp-content\/uploads\/2022\/11\/pena_del_castillo_7-1152x1536.jpg 1152w, https:\/\/arcis.org.es\/wp-content\/uploads\/2022\/11\/pena_del_castillo_7-1536x2048.jpg 1536w\" sizes=\"(max-width: 1920px) 100vw, 1920px\" \/><\/a><figcaption>Interior de la iglesia de Nuestra Se\u00f1ora de la Esperanza<\/figcaption><\/figure>\n<\/figure>\n\n\n<p style=\"text-align: justify;\">La sesi\u00f3n de la tarde concluy\u00f3 con la intervenci\u00f3n de <strong>Miguel \u00c1ngel Herv\u00e1s<\/strong> (Baraka Arque\u00f3logos) que habl\u00f3 magn\u00edficamente sobre la lectura estratigr\u00e1fica de la arquitectura y <strong>Tom\u00e1s Torres<\/strong> (Baraka Arque\u00f3logos) cerr\u00f3 las V Jornadas haciendo un recorrido por la \u00faltima intervenci\u00f3n arqueol\u00f3gica que se ha realizado en el yacimiento de \u00abPe\u00f1a del Castillo\u00bb, as\u00ed como los hallazgos realizados y todas las disciplinas implicadas que han sido necesarias para lograrlo.&nbsp;<\/p>\n\n\n<figure class=\"wp-block-gallery has-nested-images columns-4 is-cropped wp-block-gallery-3 is-layout-flex wp-block-gallery-is-layout-flex\">\n<figure class=\"wp-block-image size-large\"><a href=\"https:\/\/arcis.org.es\/wp-content\/uploads\/2022\/11\/IMG-20221104-WA0009.jpg\"><img loading=\"lazy\" decoding=\"async\" width=\"2048\" height=\"1536\" data-id=\"1384\" src=\"https:\/\/arcis.org.es\/wp-content\/uploads\/2022\/11\/IMG-20221104-WA0009.jpg\" alt=\"\" class=\"wp-image-1384\" srcset=\"https:\/\/arcis.org.es\/wp-content\/uploads\/2022\/11\/IMG-20221104-WA0009.jpg 2048w, https:\/\/arcis.org.es\/wp-content\/uploads\/2022\/11\/IMG-20221104-WA0009-300x225.jpg 300w, https:\/\/arcis.org.es\/wp-content\/uploads\/2022\/11\/IMG-20221104-WA0009-1024x768.jpg 1024w, https:\/\/arcis.org.es\/wp-content\/uploads\/2022\/11\/IMG-20221104-WA0009-768x576.jpg 768w, https:\/\/arcis.org.es\/wp-content\/uploads\/2022\/11\/IMG-20221104-WA0009-1536x1152.jpg 1536w\" sizes=\"(max-width: 2048px) 100vw, 2048px\" \/><\/a><figcaption>Alejandro Jaquero y Miguel \u00c1ngel Herv\u00e1s<\/figcaption><\/figure>\n\n\n\n<figure class=\"wp-block-image size-large\"><a href=\"https:\/\/arcis.org.es\/wp-content\/uploads\/2022\/11\/pena_del_castillo_13.jpg\"><img loading=\"lazy\" decoding=\"async\" width=\"1955\" height=\"1520\" data-id=\"1385\" src=\"https:\/\/arcis.org.es\/wp-content\/uploads\/2022\/11\/pena_del_castillo_13.jpg\" alt=\"\" class=\"wp-image-1385\" srcset=\"https:\/\/arcis.org.es\/wp-content\/uploads\/2022\/11\/pena_del_castillo_13.jpg 1955w, https:\/\/arcis.org.es\/wp-content\/uploads\/2022\/11\/pena_del_castillo_13-300x233.jpg 300w, https:\/\/arcis.org.es\/wp-content\/uploads\/2022\/11\/pena_del_castillo_13-1024x796.jpg 1024w, https:\/\/arcis.org.es\/wp-content\/uploads\/2022\/11\/pena_del_castillo_13-768x597.jpg 768w, https:\/\/arcis.org.es\/wp-content\/uploads\/2022\/11\/pena_del_castillo_13-1536x1194.jpg 1536w\" sizes=\"(max-width: 1955px) 100vw, 1955px\" \/><\/a><figcaption>Miguel \u00c1ngel Herv\u00e1s<\/figcaption><\/figure>\n\n\n\n<figure class=\"wp-block-image size-large\"><a href=\"https:\/\/arcis.org.es\/wp-content\/uploads\/2022\/11\/IMG_20221104_174714.jpg\"><img loading=\"lazy\" decoding=\"async\" width=\"2448\" height=\"2513\" data-id=\"1388\" src=\"https:\/\/arcis.org.es\/wp-content\/uploads\/2022\/11\/IMG_20221104_174714.jpg\" alt=\"\" class=\"wp-image-1388\" srcset=\"https:\/\/arcis.org.es\/wp-content\/uploads\/2022\/11\/IMG_20221104_174714.jpg 2448w, https:\/\/arcis.org.es\/wp-content\/uploads\/2022\/11\/IMG_20221104_174714-292x300.jpg 292w, https:\/\/arcis.org.es\/wp-content\/uploads\/2022\/11\/IMG_20221104_174714-998x1024.jpg 998w, https:\/\/arcis.org.es\/wp-content\/uploads\/2022\/11\/IMG_20221104_174714-768x788.jpg 768w, https:\/\/arcis.org.es\/wp-content\/uploads\/2022\/11\/IMG_20221104_174714-1496x1536.jpg 1496w, https:\/\/arcis.org.es\/wp-content\/uploads\/2022\/11\/IMG_20221104_174714-1995x2048.jpg 1995w\" sizes=\"(max-width: 2448px) 100vw, 2448px\" \/><\/a><figcaption>Tom\u00e1s Torres<\/figcaption><\/figure>\n\n\n\n<figure class=\"wp-block-image size-large\"><a href=\"https:\/\/arcis.org.es\/wp-content\/uploads\/2022\/11\/pena_del_castillo_14-scaled.jpg\"><img loading=\"lazy\" decoding=\"async\" width=\"2560\" height=\"1920\" data-id=\"1386\" src=\"https:\/\/arcis.org.es\/wp-content\/uploads\/2022\/11\/pena_del_castillo_14-scaled.jpg\" alt=\"\" class=\"wp-image-1386\" srcset=\"https:\/\/arcis.org.es\/wp-content\/uploads\/2022\/11\/pena_del_castillo_14-scaled.jpg 2560w, https:\/\/arcis.org.es\/wp-content\/uploads\/2022\/11\/pena_del_castillo_14-300x225.jpg 300w, https:\/\/arcis.org.es\/wp-content\/uploads\/2022\/11\/pena_del_castillo_14-1024x768.jpg 1024w, https:\/\/arcis.org.es\/wp-content\/uploads\/2022\/11\/pena_del_castillo_14-768x576.jpg 768w, https:\/\/arcis.org.es\/wp-content\/uploads\/2022\/11\/pena_del_castillo_14-1536x1152.jpg 1536w, https:\/\/arcis.org.es\/wp-content\/uploads\/2022\/11\/pena_del_castillo_14-2048x1536.jpg 2048w\" sizes=\"(max-width: 2560px) 100vw, 2560px\" \/><\/a><figcaption>Alejandro Jaquero y Tom\u00e1s Torres<\/figcaption><\/figure>\n<\/figure>\n\n\n<p style=\"text-align: justify;\">Desde aqu\u00ed queremos dar las gracias a todos lo <span style=\"text-decoration: underline;\">asistentes<\/span> que participaron en esta edici\u00f3n, as\u00ed como a los <span style=\"text-decoration: underline;\">ponentes<\/span> que han formado parte de ellas a trav\u00e9s de sus comunicaciones. Sin duda, tambi\u00e9n tenemos que valorar el trabajo realizado por <span style=\"text-decoration: underline;\">directores<\/span> de las Jornadas, Luc\u00eda Soria y Alejandro Jaquero. Y tampoco queremos olvidarnos de la <strong>Facultad de Humanidades de Albacete<\/strong> y el <strong>Ayuntamiento de Pe\u00f1as de San Pedro<\/strong> que siempre est\u00e1n dispuestos a colaborar en todo lo que hacemos.\u00a0<\/p>\n<p style=\"text-align: justify;\">Nosotros seguimos trabajando en las siguientes \u00a1Nos vemos en las VI Jornadas de Recuperaci\u00f3n y Revalorizaci\u00f3n del Patrimonio cultural!<\/p>\n\n\n<p><\/p>\n","protected":false},"excerpt":{"rendered":"<p>La quinta edici\u00f3n de las Jornadas de Recuperaci\u00f3n y Revalorizaci\u00f3n del Patrimonio cultural han tenido lugar el 3 y 4 de noviembre. En esta ocasi\u00f3n la multidisciplinariedad ha sido el tema central a tratar. <\/p>\n","protected":false},"author":2,"featured_media":1370,"comment_status":"closed","ping_status":"open","sticky":false,"template":"","format":"standard","meta":{"_eb_attr":"","footnotes":""},"categories":[3],"tags":[],"_links":{"self":[{"href":"https:\/\/arcis.org.es\/index.php\/wp-json\/wp\/v2\/posts\/1369"}],"collection":[{"href":"https:\/\/arcis.org.es\/index.php\/wp-json\/wp\/v2\/posts"}],"about":[{"href":"https:\/\/arcis.org.es\/index.php\/wp-json\/wp\/v2\/types\/post"}],"author":[{"embeddable":true,"href":"https:\/\/arcis.org.es\/index.php\/wp-json\/wp\/v2\/users\/2"}],"replies":[{"embeddable":true,"href":"https:\/\/arcis.org.es\/index.php\/wp-json\/wp\/v2\/comments?post=1369"}],"version-history":[{"count":6,"href":"https:\/\/arcis.org.es\/index.php\/wp-json\/wp\/v2\/posts\/1369\/revisions"}],"predecessor-version":[{"id":1414,"href":"https:\/\/arcis.org.es\/index.php\/wp-json\/wp\/v2\/posts\/1369\/revisions\/1414"}],"wp:featuredmedia":[{"embeddable":true,"href":"https:\/\/arcis.org.es\/index.php\/wp-json\/wp\/v2\/media\/1370"}],"wp:attachment":[{"href":"https:\/\/arcis.org.es\/index.php\/wp-json\/wp\/v2\/media?parent=1369"}],"wp:term":[{"taxonomy":"category","embeddable":true,"href":"https:\/\/arcis.org.es\/index.php\/wp-json\/wp\/v2\/categories?post=1369"},{"taxonomy":"post_tag","embeddable":true,"href":"https:\/\/arcis.org.es\/index.php\/wp-json\/wp\/v2\/tags?post=1369"}],"curies":[{"name":"wp","href":"https:\/\/api.w.org\/{rel}","templated":true}]}}