{"id":1416,"date":"2023-04-19T21:00:52","date_gmt":"2023-04-19T19:00:52","guid":{"rendered":"https:\/\/arcis.org.es\/?p=1416"},"modified":"2024-05-31T11:44:58","modified_gmt":"2024-05-31T09:44:58","slug":"actividades-21","status":"publish","type":"post","link":"https:\/\/arcis.org.es\/index.php\/2023\/04\/19\/actividades-21\/","title":{"rendered":"Viaje al Parque Arqueol\u00f3gico Cerro de las Cabezas"},"content":{"rendered":"<p style=\"text-align: justify;\">El pr\u00f3ximo <strong>s\u00e1bado 13 de mayo<\/strong> desde la Asociaci\u00f3n ARCIS organizamos una salida para descubrir el <strong>Parque Arqueol\u00f3gico del Cerro de las Cabezas en Valdepe\u00f1as<\/strong>. Con el objetivo de conocer otros espacios arqueol\u00f3gicos, retomamos con muchas ganas los viajes culturales que comenzaron en el a\u00f1o 2018. En esta ocasi\u00f3n iremos hasta el yacimiento del Cerro de las Cabezas donde descubriremos uno de los mejores ejemplos de la cultura ib\u00e9rica del territorio castellanomanchego.<\/p>\n<p style=\"text-align: justify;\">La salida tendr\u00e1 lugar desde la <strong>Plaza Mayor de Pe\u00f1as de San Pedro<\/strong>, a las <strong>8:30<\/strong>. Una vez all\u00ed el d\u00eda est\u00e1 programado de este modo:<br \/>&#8211; Visita guiada al yacimiento y Centro de interpretaci\u00f3n.<br \/>&#8211; Comida y tiempo libre.<br \/>&#8211; Visita al Museo municipal de Valdepe\u00f1as.<\/p>\n<p style=\"text-align: justify;\">El viaje es <strong>gratuito<\/strong> <span style=\"text-decoration: underline;\">para los socios<\/span> de la Asociaci\u00f3n ARCIS. Para el resto de personas <span style=\"text-decoration: underline;\">no socios<\/span>, el precio general es de <strong>20\u20ac<\/strong>.<br \/>A la actividad puede sumarse cualquier persona interesada que quiera venir a pasar un d\u00eda conociendo este lugar y disfrutando de Valdepe\u00f1as.<\/p>\n<p style=\"text-align: justify;\">Para m\u00e1s informaci\u00f3n e inscripciones: a trav\u00e9s de nuestras redes sociales y en el correo electr\u00f3nico contacto@arcis.org.es<\/p>\n\n\n<div class=\"wp-block-image\"><figure class=\"aligncenter size-large is-resized\"><img fetchpriority=\"high\" decoding=\"async\" src=\"https:\/\/arcis.org.es\/wp-content\/uploads\/2023\/04\/viaje_arcis_cerrocabezas_-724x1024.png\" alt=\"\" class=\"wp-image-1419\" width=\"510\" height=\"722\" srcset=\"https:\/\/arcis.org.es\/wp-content\/uploads\/2023\/04\/viaje_arcis_cerrocabezas_-724x1024.png 724w, https:\/\/arcis.org.es\/wp-content\/uploads\/2023\/04\/viaje_arcis_cerrocabezas_-212x300.png 212w, https:\/\/arcis.org.es\/wp-content\/uploads\/2023\/04\/viaje_arcis_cerrocabezas_-768x1086.png 768w, https:\/\/arcis.org.es\/wp-content\/uploads\/2023\/04\/viaje_arcis_cerrocabezas_-1086x1536.png 1086w, https:\/\/arcis.org.es\/wp-content\/uploads\/2023\/04\/viaje_arcis_cerrocabezas_-1448x2048.png 1448w, https:\/\/arcis.org.es\/wp-content\/uploads\/2023\/04\/viaje_arcis_cerrocabezas_.png 1587w\" sizes=\"(max-width: 510px) 100vw, 510px\" \/><\/figure><\/div>\n","protected":false},"excerpt":{"rendered":"<p>El pr\u00f3ximo s\u00e1bado 13 de mayo organizamos un viaje al yacimiento arqueol\u00f3gico del Cerro de las Cabezas en Valdepe\u00f1as \u00bfte vienes? \ud83d\ude09<\/p>\n","protected":false},"author":2,"featured_media":1418,"comment_status":"closed","ping_status":"open","sticky":false,"template":"","format":"standard","meta":{"_eb_attr":"","footnotes":""},"categories":[2],"tags":[],"_links":{"self":[{"href":"https:\/\/arcis.org.es\/index.php\/wp-json\/wp\/v2\/posts\/1416"}],"collection":[{"href":"https:\/\/arcis.org.es\/index.php\/wp-json\/wp\/v2\/posts"}],"about":[{"href":"https:\/\/arcis.org.es\/index.php\/wp-json\/wp\/v2\/types\/post"}],"author":[{"embeddable":true,"href":"https:\/\/arcis.org.es\/index.php\/wp-json\/wp\/v2\/users\/2"}],"replies":[{"embeddable":true,"href":"https:\/\/arcis.org.es\/index.php\/wp-json\/wp\/v2\/comments?post=1416"}],"version-history":[{"count":3,"href":"https:\/\/arcis.org.es\/index.php\/wp-json\/wp\/v2\/posts\/1416\/revisions"}],"predecessor-version":[{"id":1423,"href":"https:\/\/arcis.org.es\/index.php\/wp-json\/wp\/v2\/posts\/1416\/revisions\/1423"}],"wp:featuredmedia":[{"embeddable":true,"href":"https:\/\/arcis.org.es\/index.php\/wp-json\/wp\/v2\/media\/1418"}],"wp:attachment":[{"href":"https:\/\/arcis.org.es\/index.php\/wp-json\/wp\/v2\/media?parent=1416"}],"wp:term":[{"taxonomy":"category","embeddable":true,"href":"https:\/\/arcis.org.es\/index.php\/wp-json\/wp\/v2\/categories?post=1416"},{"taxonomy":"post_tag","embeddable":true,"href":"https:\/\/arcis.org.es\/index.php\/wp-json\/wp\/v2\/tags?post=1416"}],"curies":[{"name":"wp","href":"https:\/\/api.w.org\/{rel}","templated":true}]}}