{"id":1446,"date":"2023-05-15T20:11:00","date_gmt":"2023-05-15T18:11:00","guid":{"rendered":"https:\/\/arcis.org.es\/?p=1446"},"modified":"2024-05-31T11:39:08","modified_gmt":"2024-05-31T09:39:08","slug":"noticias-32","status":"publish","type":"post","link":"https:\/\/arcis.org.es\/index.php\/2023\/05\/15\/noticias-32\/","title":{"rendered":"VII Campa\u00f1a de excavaciones arqueol\u00f3gicas"},"content":{"rendered":"<p style=\"text-align: justify;\">Un a\u00f1o m\u00e1s el yacimiento de la Pe\u00f1a del Castillo recibir\u00e1 voluntariado de estudiantes procedentes de todas las universidades espa\u00f1olas, para formarse en el campo de la arqueolog\u00eda y en otras disciplinas complementarias.&nbsp; La VII Campa\u00f1a arqueol\u00f3gica se desarrollar\u00e1 en Pe\u00f1as de San Pedro del 17 de julio al 17 de agosto. A lo largo de este mes las labores avanzar\u00e1n, en esta ocasi\u00f3n, especialmente en la ladera sur de la pe\u00f1a.<\/p>\n\n\n<div class=\"wp-block-image\"><figure class=\"aligncenter size-large is-resized\"><img fetchpriority=\"high\" decoding=\"async\" src=\"https:\/\/arcis.org.es\/wp-content\/uploads\/2023\/08\/VII-CAMPANA-ARQUEOLOGICA_final-724x1024.png\" alt=\"\" class=\"wp-image-1448\" width=\"517\" height=\"731\" srcset=\"https:\/\/arcis.org.es\/wp-content\/uploads\/2023\/08\/VII-CAMPANA-ARQUEOLOGICA_final-724x1024.png 724w, https:\/\/arcis.org.es\/wp-content\/uploads\/2023\/08\/VII-CAMPANA-ARQUEOLOGICA_final-212x300.png 212w, https:\/\/arcis.org.es\/wp-content\/uploads\/2023\/08\/VII-CAMPANA-ARQUEOLOGICA_final-768x1086.png 768w, https:\/\/arcis.org.es\/wp-content\/uploads\/2023\/08\/VII-CAMPANA-ARQUEOLOGICA_final-1086x1536.png 1086w, https:\/\/arcis.org.es\/wp-content\/uploads\/2023\/08\/VII-CAMPANA-ARQUEOLOGICA_final-1448x2048.png 1448w, https:\/\/arcis.org.es\/wp-content\/uploads\/2023\/08\/VII-CAMPANA-ARQUEOLOGICA_final.png 1587w\" sizes=\"(max-width: 517px) 100vw, 517px\" \/><\/figure><\/div>\n","protected":false},"excerpt":{"rendered":"<p>La VII Campa\u00f1a arqueol\u00f3gica en el yacimiento de la Pe\u00f1a del Castillo en Pe\u00f1as de San Pedro tendr\u00e1 lugar del 17 de julio al 17 de agosto. <\/p>\n","protected":false},"author":2,"featured_media":1071,"comment_status":"closed","ping_status":"open","sticky":false,"template":"","format":"standard","meta":{"_eb_attr":"","footnotes":""},"categories":[3],"tags":[],"_links":{"self":[{"href":"https:\/\/arcis.org.es\/index.php\/wp-json\/wp\/v2\/posts\/1446"}],"collection":[{"href":"https:\/\/arcis.org.es\/index.php\/wp-json\/wp\/v2\/posts"}],"about":[{"href":"https:\/\/arcis.org.es\/index.php\/wp-json\/wp\/v2\/types\/post"}],"author":[{"embeddable":true,"href":"https:\/\/arcis.org.es\/index.php\/wp-json\/wp\/v2\/users\/2"}],"replies":[{"embeddable":true,"href":"https:\/\/arcis.org.es\/index.php\/wp-json\/wp\/v2\/comments?post=1446"}],"version-history":[{"count":4,"href":"https:\/\/arcis.org.es\/index.php\/wp-json\/wp\/v2\/posts\/1446\/revisions"}],"predecessor-version":[{"id":1453,"href":"https:\/\/arcis.org.es\/index.php\/wp-json\/wp\/v2\/posts\/1446\/revisions\/1453"}],"wp:featuredmedia":[{"embeddable":true,"href":"https:\/\/arcis.org.es\/index.php\/wp-json\/wp\/v2\/media\/1071"}],"wp:attachment":[{"href":"https:\/\/arcis.org.es\/index.php\/wp-json\/wp\/v2\/media?parent=1446"}],"wp:term":[{"taxonomy":"category","embeddable":true,"href":"https:\/\/arcis.org.es\/index.php\/wp-json\/wp\/v2\/categories?post=1446"},{"taxonomy":"post_tag","embeddable":true,"href":"https:\/\/arcis.org.es\/index.php\/wp-json\/wp\/v2\/tags?post=1446"}],"curies":[{"name":"wp","href":"https:\/\/api.w.org\/{rel}","templated":true}]}}