{"id":316,"date":"2018-09-06T12:42:16","date_gmt":"2018-09-06T12:42:16","guid":{"rendered":"https:\/\/arciscastillopsp.wordpress.com\/?p=316"},"modified":"2024-09-12T10:54:16","modified_gmt":"2024-09-12T08:54:16","slug":"noticias-7","status":"publish","type":"post","link":"https:\/\/arcis.org.es\/index.php\/2018\/09\/06\/noticias-7\/","title":{"rendered":"Resultados &#8211; II Jornadas Puertas Abiertas"},"content":{"rendered":"<p style=\"text-align: justify;\">El pasado 24 de agosto se celebraron las II Jornadas de Puertas Abiertas del yacimiento de la Pe\u00f1a del Castillo, con motivo del final de la tercera campa\u00f1a de excavaciones arqueol\u00f3gicas. En ellas, los asistentes pudieron observar todo el trabajo llevado a cabo por el equipo en las tres zonas en las que se ha intervenido en esta campa\u00f1a: en la ampliaci\u00f3n sobre el espacio de la antigua iglesia de Nuestra Se\u00f1ora del Socorro, que ya se comenz\u00f3 a excavar el pasado a\u00f1o, han seguido surgiendo los restos de las remodelaciones militares desarrolladas durante el siglo XIX. Al igual que, se han continuado ampliando espacios correspondientes al urbanismo de la villa del Castillo durante los proleg\u00f3menos de la Modernidad. Y como principal novedad de la campa\u00f1a, se ha comenzado a excavar en la ladera sur de la pe\u00f1a donde se han localizado restos correspondientes al asentamiento ibero vinculado a la Pe\u00f1a del Castillo, con viviendas y materiales en torno al siglo VI y IV a. C.<\/p>\n\n\n<figure class=\"wp-block-gallery columns-3 is-cropped wp-block-gallery-1 is-layout-flex wp-block-gallery-is-layout-flex\"><ul class=\"blocks-gallery-grid\"><li class=\"blocks-gallery-item\"><figure><a href=\"https:\/\/arcis.org.es\/wp-content\/uploads\/2018\/09\/IIjornadas-0.jpg\"><img fetchpriority=\"high\" decoding=\"async\" width=\"1000\" height=\"666\" src=\"https:\/\/arcis.org.es\/wp-content\/uploads\/2018\/09\/IIjornadas-0.jpg\" alt=\"\" data-id=\"673\" data-full-url=\"https:\/\/arcis.org.es\/wp-content\/uploads\/2018\/09\/IIjornadas-0.jpg\" data-link=\"https:\/\/arcis.org.es\/index.php\/2018\/09\/06\/noticias-7\/iijornadas-0\/\" class=\"wp-image-673\" srcset=\"https:\/\/arcis.org.es\/wp-content\/uploads\/2018\/09\/IIjornadas-0.jpg 1000w, https:\/\/arcis.org.es\/wp-content\/uploads\/2018\/09\/IIjornadas-0-300x200.jpg 300w, https:\/\/arcis.org.es\/wp-content\/uploads\/2018\/09\/IIjornadas-0-768x511.jpg 768w\" sizes=\"(max-width: 1000px) 100vw, 1000px\" \/><\/a><\/figure><\/li><li class=\"blocks-gallery-item\"><figure><a href=\"https:\/\/arcis.org.es\/wp-content\/uploads\/2018\/09\/IIjornadas-1.jpg\"><img decoding=\"async\" width=\"1000\" height=\"666\" src=\"https:\/\/arcis.org.es\/wp-content\/uploads\/2018\/09\/IIjornadas-1.jpg\" alt=\"\" data-id=\"672\" data-full-url=\"https:\/\/arcis.org.es\/wp-content\/uploads\/2018\/09\/IIjornadas-1.jpg\" data-link=\"https:\/\/arcis.org.es\/index.php\/2018\/09\/06\/noticias-7\/iijornadas-1\/\" class=\"wp-image-672\" srcset=\"https:\/\/arcis.org.es\/wp-content\/uploads\/2018\/09\/IIjornadas-1.jpg 1000w, https:\/\/arcis.org.es\/wp-content\/uploads\/2018\/09\/IIjornadas-1-300x200.jpg 300w, https:\/\/arcis.org.es\/wp-content\/uploads\/2018\/09\/IIjornadas-1-768x511.jpg 768w\" sizes=\"(max-width: 1000px) 100vw, 1000px\" \/><\/a><\/figure><\/li><li class=\"blocks-gallery-item\"><figure><a href=\"https:\/\/arcis.org.es\/wp-content\/uploads\/2018\/09\/IIjornadas-3.jpg\"><img decoding=\"async\" width=\"1000\" height=\"666\" src=\"https:\/\/arcis.org.es\/wp-content\/uploads\/2018\/09\/IIjornadas-3.jpg\" alt=\"\" data-id=\"670\" data-full-url=\"https:\/\/arcis.org.es\/wp-content\/uploads\/2018\/09\/IIjornadas-3.jpg\" data-link=\"https:\/\/arcis.org.es\/index.php\/2018\/09\/06\/noticias-7\/iijornadas-3\/\" class=\"wp-image-670\" srcset=\"https:\/\/arcis.org.es\/wp-content\/uploads\/2018\/09\/IIjornadas-3.jpg 1000w, https:\/\/arcis.org.es\/wp-content\/uploads\/2018\/09\/IIjornadas-3-300x200.jpg 300w, https:\/\/arcis.org.es\/wp-content\/uploads\/2018\/09\/IIjornadas-3-768x511.jpg 768w\" sizes=\"(max-width: 1000px) 100vw, 1000px\" \/><\/a><\/figure><\/li><li class=\"blocks-gallery-item\"><figure><a href=\"https:\/\/arcis.org.es\/wp-content\/uploads\/2018\/09\/IIjornadas-2.jpg\"><img loading=\"lazy\" decoding=\"async\" width=\"1000\" height=\"666\" src=\"https:\/\/arcis.org.es\/wp-content\/uploads\/2018\/09\/IIjornadas-2.jpg\" alt=\"\" data-id=\"671\" data-full-url=\"https:\/\/arcis.org.es\/wp-content\/uploads\/2018\/09\/IIjornadas-2.jpg\" data-link=\"https:\/\/arcis.org.es\/index.php\/2018\/09\/06\/noticias-7\/iijornadas-2\/\" class=\"wp-image-671\" srcset=\"https:\/\/arcis.org.es\/wp-content\/uploads\/2018\/09\/IIjornadas-2.jpg 1000w, https:\/\/arcis.org.es\/wp-content\/uploads\/2018\/09\/IIjornadas-2-300x200.jpg 300w, https:\/\/arcis.org.es\/wp-content\/uploads\/2018\/09\/IIjornadas-2-768x511.jpg 768w\" sizes=\"(max-width: 1000px) 100vw, 1000px\" \/><\/a><\/figure><\/li><li class=\"blocks-gallery-item\"><figure><a href=\"https:\/\/arcis.org.es\/wp-content\/uploads\/2018\/09\/IIjornadas-8.jpg\"><img loading=\"lazy\" decoding=\"async\" width=\"1000\" height=\"562\" src=\"https:\/\/arcis.org.es\/wp-content\/uploads\/2018\/09\/IIjornadas-8.jpg\" alt=\"\" data-id=\"665\" data-full-url=\"https:\/\/arcis.org.es\/wp-content\/uploads\/2018\/09\/IIjornadas-8.jpg\" data-link=\"https:\/\/arcis.org.es\/index.php\/2018\/09\/06\/noticias-7\/iijornadas-8\/\" class=\"wp-image-665\" srcset=\"https:\/\/arcis.org.es\/wp-content\/uploads\/2018\/09\/IIjornadas-8.jpg 1000w, https:\/\/arcis.org.es\/wp-content\/uploads\/2018\/09\/IIjornadas-8-300x169.jpg 300w, https:\/\/arcis.org.es\/wp-content\/uploads\/2018\/09\/IIjornadas-8-768x432.jpg 768w\" sizes=\"(max-width: 1000px) 100vw, 1000px\" \/><\/a><\/figure><\/li><li class=\"blocks-gallery-item\"><figure><a href=\"https:\/\/arcis.org.es\/wp-content\/uploads\/2018\/09\/IIjornadas-9.jpg\"><img loading=\"lazy\" decoding=\"async\" width=\"700\" height=\"498\" src=\"https:\/\/arcis.org.es\/wp-content\/uploads\/2018\/09\/IIjornadas-9.jpg\" alt=\"\" data-id=\"664\" data-full-url=\"https:\/\/arcis.org.es\/wp-content\/uploads\/2018\/09\/IIjornadas-9.jpg\" data-link=\"https:\/\/arcis.org.es\/index.php\/2018\/09\/06\/noticias-7\/iijornadas-9\/\" class=\"wp-image-664\" srcset=\"https:\/\/arcis.org.es\/wp-content\/uploads\/2018\/09\/IIjornadas-9.jpg 700w, https:\/\/arcis.org.es\/wp-content\/uploads\/2018\/09\/IIjornadas-9-300x213.jpg 300w\" sizes=\"(max-width: 700px) 100vw, 700px\" \/><\/a><\/figure><\/li><li class=\"blocks-gallery-item\"><figure><a href=\"https:\/\/arcis.org.es\/wp-content\/uploads\/2018\/09\/IIjornadas-4.jpg\"><img loading=\"lazy\" decoding=\"async\" width=\"1000\" height=\"666\" src=\"https:\/\/arcis.org.es\/wp-content\/uploads\/2018\/09\/IIjornadas-4.jpg\" alt=\"\" data-id=\"669\" data-full-url=\"https:\/\/arcis.org.es\/wp-content\/uploads\/2018\/09\/IIjornadas-4.jpg\" data-link=\"https:\/\/arcis.org.es\/index.php\/2018\/09\/06\/noticias-7\/iijornadas-4\/\" class=\"wp-image-669\" srcset=\"https:\/\/arcis.org.es\/wp-content\/uploads\/2018\/09\/IIjornadas-4.jpg 1000w, https:\/\/arcis.org.es\/wp-content\/uploads\/2018\/09\/IIjornadas-4-300x200.jpg 300w, https:\/\/arcis.org.es\/wp-content\/uploads\/2018\/09\/IIjornadas-4-768x511.jpg 768w\" sizes=\"(max-width: 1000px) 100vw, 1000px\" \/><\/a><\/figure><\/li><li class=\"blocks-gallery-item\"><figure><a href=\"https:\/\/arcis.org.es\/wp-content\/uploads\/2018\/09\/IIjornadas-5.jpg\"><img loading=\"lazy\" decoding=\"async\" width=\"1000\" height=\"666\" src=\"https:\/\/arcis.org.es\/wp-content\/uploads\/2018\/09\/IIjornadas-5.jpg\" alt=\"\" data-id=\"668\" data-full-url=\"https:\/\/arcis.org.es\/wp-content\/uploads\/2018\/09\/IIjornadas-5.jpg\" data-link=\"https:\/\/arcis.org.es\/index.php\/2018\/09\/06\/noticias-7\/iijornadas-5\/\" class=\"wp-image-668\" srcset=\"https:\/\/arcis.org.es\/wp-content\/uploads\/2018\/09\/IIjornadas-5.jpg 1000w, https:\/\/arcis.org.es\/wp-content\/uploads\/2018\/09\/IIjornadas-5-300x200.jpg 300w, https:\/\/arcis.org.es\/wp-content\/uploads\/2018\/09\/IIjornadas-5-768x511.jpg 768w\" sizes=\"(max-width: 1000px) 100vw, 1000px\" \/><\/a><\/figure><\/li><li class=\"blocks-gallery-item\"><figure><a href=\"https:\/\/arcis.org.es\/wp-content\/uploads\/2018\/09\/IIjornadas-6.jpg\"><img loading=\"lazy\" decoding=\"async\" width=\"1000\" height=\"666\" src=\"https:\/\/arcis.org.es\/wp-content\/uploads\/2018\/09\/IIjornadas-6.jpg\" alt=\"\" data-id=\"667\" data-full-url=\"https:\/\/arcis.org.es\/wp-content\/uploads\/2018\/09\/IIjornadas-6.jpg\" data-link=\"https:\/\/arcis.org.es\/index.php\/2018\/09\/06\/noticias-7\/iijornadas-6\/\" class=\"wp-image-667\" srcset=\"https:\/\/arcis.org.es\/wp-content\/uploads\/2018\/09\/IIjornadas-6.jpg 1000w, https:\/\/arcis.org.es\/wp-content\/uploads\/2018\/09\/IIjornadas-6-300x200.jpg 300w, https:\/\/arcis.org.es\/wp-content\/uploads\/2018\/09\/IIjornadas-6-768x511.jpg 768w\" sizes=\"(max-width: 1000px) 100vw, 1000px\" \/><\/a><\/figure><\/li><\/ul><\/figure>\n\n\n<p style=\"text-align: justify;\">Los asistentes, alrededor de unas 250 personas, fueron acompa\u00f1ados en todo momento por los t\u00e9cnicos y la directora de la excavaci\u00f3n, la Dra. Luc\u00eda Soria Combadiera (UCLM), que les guiaron con sus explicaciones por toda la Pe\u00f1a del Castillo.\u00a0Adem\u00e1s, pudieron asistir a una demostraci\u00f3n de vuelo con dron, con el fin de que pudieran ver como las nuevas tecnolog\u00edas son herramientas indispensables para la recopilaci\u00f3n de informaci\u00f3n cient\u00edfica sobre el yacimiento.<\/p>\n<p style=\"text-align: justify;\">Desde la Asociaci\u00f3n cultural ARCIS Amigos del Castillo de Pe\u00f1as de San Pedro queremos agradecer la presencia de todas las personas que compartieron este d\u00eda con nosotros. As\u00ed como a los colaboradores del proyecto:\u00a0Ayuntamiento de Pe\u00f1as de San Pedro, la Facultad de Humanidades de Albacete de la Universidad de Castilla-La Mancha, el Instituto de Estudios Albacetenses y la Junta de Comunidades de Castilla-La Mancha.<br \/>Sin su ayuda la tercera campa\u00f1a de excavaciones arqueol\u00f3gicas en la Pe\u00f1a del Castillo no habr\u00eda podido realizarse.<\/p>\n\n\n<figure class=\"wp-block-embed aligncenter is-type-video is-provider-youtube wp-block-embed-youtube wp-embed-aspect-16-9 wp-has-aspect-ratio\"><div class=\"wp-block-embed__wrapper\">\n<iframe  id=\"_ytid_13532\"  width=\"640\" height=\"360\"  data-origwidth=\"640\" data-origheight=\"360\" src=\"https:\/\/www.youtube.com\/embed\/BbDry8L7WDM?enablejsapi=1&#038;autoplay=0&#038;cc_load_policy=0&#038;cc_lang_pref=&#038;iv_load_policy=1&#038;loop=0&#038;modestbranding=0&#038;rel=1&#038;fs=1&#038;playsinline=0&#038;autohide=2&#038;theme=dark&#038;color=red&#038;controls=1&#038;\" class=\"__youtube_prefs__  epyt-is-override  no-lazyload\" title=\"YouTube player\"  allow=\"fullscreen; accelerometer; autoplay; clipboard-write; encrypted-media; gyroscope; picture-in-picture\" allowfullscreen data-no-lazy=\"1\" data-skipgform_ajax_framebjll=\"\"><\/iframe>\n<\/div><\/figure>\n","protected":false},"excerpt":{"rendered":"<p>Valoraci\u00f3n de las II Jornadas de Puertas Abiertas del proyecto Pe\u00f1a del Castillo (PECT). Os dejamos un resumen de lo abordado y algunas im\u00e1genes. Pincha en \u00abSigue Leyendo\u00bb para ver m\u00e1s.<\/p>\n","protected":false},"author":1,"featured_media":322,"comment_status":"closed","ping_status":"closed","sticky":false,"template":"","format":"standard","meta":{"_eb_attr":"","footnotes":""},"categories":[3],"tags":[],"_links":{"self":[{"href":"https:\/\/arcis.org.es\/index.php\/wp-json\/wp\/v2\/posts\/316"}],"collection":[{"href":"https:\/\/arcis.org.es\/index.php\/wp-json\/wp\/v2\/posts"}],"about":[{"href":"https:\/\/arcis.org.es\/index.php\/wp-json\/wp\/v2\/types\/post"}],"author":[{"embeddable":true,"href":"https:\/\/arcis.org.es\/index.php\/wp-json\/wp\/v2\/users\/1"}],"replies":[{"embeddable":true,"href":"https:\/\/arcis.org.es\/index.php\/wp-json\/wp\/v2\/comments?post=316"}],"version-history":[{"count":4,"href":"https:\/\/arcis.org.es\/index.php\/wp-json\/wp\/v2\/posts\/316\/revisions"}],"predecessor-version":[{"id":997,"href":"https:\/\/arcis.org.es\/index.php\/wp-json\/wp\/v2\/posts\/316\/revisions\/997"}],"wp:featuredmedia":[{"embeddable":true,"href":"https:\/\/arcis.org.es\/index.php\/wp-json\/wp\/v2\/media\/322"}],"wp:attachment":[{"href":"https:\/\/arcis.org.es\/index.php\/wp-json\/wp\/v2\/media?parent=316"}],"wp:term":[{"taxonomy":"category","embeddable":true,"href":"https:\/\/arcis.org.es\/index.php\/wp-json\/wp\/v2\/categories?post=316"},{"taxonomy":"post_tag","embeddable":true,"href":"https:\/\/arcis.org.es\/index.php\/wp-json\/wp\/v2\/tags?post=316"}],"curies":[{"name":"wp","href":"https:\/\/api.w.org\/{rel}","templated":true}]}}