{"id":697,"date":"2020-06-08T16:47:35","date_gmt":"2020-06-08T16:47:35","guid":{"rendered":"https:\/\/arciscastillopsp.wordpress.com\/?p=558"},"modified":"2024-09-12T12:49:03","modified_gmt":"2024-09-12T10:49:03","slug":"noticias-20","status":"publish","type":"post","link":"https:\/\/arcis.org.es\/index.php\/2020\/06\/08\/noticias-20\/","title":{"rendered":"Aplazamiento de la campa\u00f1a arqueol\u00f3gica 2020"},"content":{"rendered":"<p style=\"text-align:justify;\">Nos ponemos en contacto con vosotros para hablaros sobre las excavaciones en la Pe\u00f1a del Castillo. Por estas fechas deber\u00edamos estar anunciado la nueva campa\u00f1a arqueol\u00f3gica como hemos hecho en a\u00f1os anteriores. Ante la situaci\u00f3n por la que estamos pasando y que est\u00e1 afectando a todos los \u00e1mbitos, este a\u00f1o no vamos a poder continuar las excavaciones como nos hubiera gustado, compartiendo experiencias y formaci\u00f3n con los diversos colaboradores y estudiantes que llevan ya cuatro a\u00f1os siendo parte del proyecto PECT. Ojal\u00e1 y todo se pudiese desarrollar seg\u00fan lo planificado, pero frente a la situaci\u00f3n que estamos viviendo no se puede hacer nada m\u00e1s que amoldarse a las circunstancias.<\/p>\n<p style=\"text-align:justify;\">Desde aqu\u00ed queremos dar las gracias a todos los que han hecho posible las cuatro anteriores campa\u00f1as, porque sin todo el equipo que hay detr\u00e1s del proyecto PECT no hubi\u00e9semos podido llegar hasta aqu\u00ed. La quinta campa\u00f1a tendr\u00e1 que esperar un poco pero volveremos con las mismas ganas e ilusi\u00f3n, para seguir aprendiendo, recuperando e interpretando el pasado de la Pe\u00f1a del Castillo.<\/p>\n<p style=\"text-align:justify;\">Muchas gracias y seguimos.<\/p>\n","protected":false},"excerpt":{"rendered":"<p>Debido a la situaci\u00f3n sociosanitaria que atravesamos se aplazan los trabajos arqueol\u00f3gicos de la campa\u00f1a 2020 en La Pe\u00f1a del Castillo.<\/p>\n","protected":false},"author":1,"featured_media":698,"comment_status":"closed","ping_status":"closed","sticky":false,"template":"","format":"standard","meta":{"_eb_attr":"","footnotes":""},"categories":[3],"tags":[],"_links":{"self":[{"href":"https:\/\/arcis.org.es\/index.php\/wp-json\/wp\/v2\/posts\/697"}],"collection":[{"href":"https:\/\/arcis.org.es\/index.php\/wp-json\/wp\/v2\/posts"}],"about":[{"href":"https:\/\/arcis.org.es\/index.php\/wp-json\/wp\/v2\/types\/post"}],"author":[{"embeddable":true,"href":"https:\/\/arcis.org.es\/index.php\/wp-json\/wp\/v2\/users\/1"}],"replies":[{"embeddable":true,"href":"https:\/\/arcis.org.es\/index.php\/wp-json\/wp\/v2\/comments?post=697"}],"version-history":[{"count":1,"href":"https:\/\/arcis.org.es\/index.php\/wp-json\/wp\/v2\/posts\/697\/revisions"}],"predecessor-version":[{"id":801,"href":"https:\/\/arcis.org.es\/index.php\/wp-json\/wp\/v2\/posts\/697\/revisions\/801"}],"wp:featuredmedia":[{"embeddable":true,"href":"https:\/\/arcis.org.es\/index.php\/wp-json\/wp\/v2\/media\/698"}],"wp:attachment":[{"href":"https:\/\/arcis.org.es\/index.php\/wp-json\/wp\/v2\/media?parent=697"}],"wp:term":[{"taxonomy":"category","embeddable":true,"href":"https:\/\/arcis.org.es\/index.php\/wp-json\/wp\/v2\/categories?post=697"},{"taxonomy":"post_tag","embeddable":true,"href":"https:\/\/arcis.org.es\/index.php\/wp-json\/wp\/v2\/tags?post=697"}],"curies":[{"name":"wp","href":"https:\/\/api.w.org\/{rel}","templated":true}]}}