{"id":699,"date":"2020-07-14T15:50:49","date_gmt":"2020-07-14T15:50:49","guid":{"rendered":"https:\/\/arciscastillopsp.wordpress.com\/?p=565"},"modified":"2024-05-31T11:48:40","modified_gmt":"2024-05-31T09:48:40","slug":"actividades-11","status":"publish","type":"post","link":"https:\/\/arcis.org.es\/index.php\/2020\/07\/14\/actividades-11\/","title":{"rendered":"Concurso de dibujo infantil\/juvenil"},"content":{"rendered":"<p style=\"text-align:justify;\">Desde la Asociaci\u00f3n cultural&nbsp; ARCIS &#8211; Amigos del Castillo de Pe\u00f1as de San Pedro queremos plantear una actividad para que peque\u00f1os y j\u00f3venes <strong>entre 6 y 15 a\u00f1os<\/strong> muestren su faceta m\u00e1s creativa durante estas vacaciones.<\/p>\n<p style=\"text-align:justify;\">Se trata de un <span style=\"text-decoration:underline;\">concurso de dibujo sobre los bienes patrimoniales de car\u00e1cter cultural<\/span> (hist\u00f3ricos, hist\u00f3rico-art\u00edsticos, etnogr\u00e1ficos, etc.) que pertenecen a la localidad. Pueden ser representados en diferentes \u00e9pocas hist\u00f3ricas, recreando momentos o hitos trascendentales d<span class=\"text_exposed_show\">e la Historia de Pe\u00f1as de San Pedro.<\/span><\/p>\n<p style=\"text-align:justify;\">Habr\u00e1 <strong>dos premios de 120\u20ac<\/strong> para cada uno de los ganadores de las <strong>dos categor\u00edas<\/strong> que se establecen: de 6 a 10 a\u00f1os y de 11 a 15 a\u00f1os.<\/p>\n<p style=\"text-align:justify;\">Los dibujos <span style=\"text-decoration:underline;\">se entregar\u00e1n en el Ayuntamiento de Pe\u00f1as de San Pedro<\/span> hasta el pr\u00f3ximo <strong>10 de agosto <\/strong>a las 10:00 a.m, <strong><span style=\"text-decoration:underline;\">seg\u00fan las normas<\/span><\/strong> que aparecen en las bases que adjuntamos en PDF en el enlace de m\u00e1s abajo<\/p>\n<p style=\"text-align:justify;\">No dud\u00e9is en escribirnos si ten\u00e9is alguna duda o consulta. \u00a1Animad a todos! Puede ser una buena oportunidad para conocer mejor el patrimonio hist\u00f3rico-cultural de Pe\u00f1as de San Pedro<\/p>\n<h4 style=\"text-align:center;\"><strong><span style=\"color:#993366;\"><a style=\"color:#993366;\" title=\"Bases concurso de dibujo ARCIS\" href=\"https:\/\/arcis.org.es\/wp-content\/uploads\/2020\/07\/bases-concurso-de-dibujo-arcis.pdf\" target=\"_blank\" rel=\"noopener\">Bases concurso de dibujo ARCIS<\/a><\/span><\/strong><\/h4>\n<p><img fetchpriority=\"high\" decoding=\"async\" class=\"  wp-image-568 aligncenter\" src=\"https:\/\/arcis.org.es\/wp-content\/uploads\/2020\/07\/concurso-dibujo.jpg\" alt=\"Concurso dibujo\" width=\"513\" height=\"684\"><\/p>\n\n\n<p><\/p>\n","protected":false},"excerpt":{"rendered":"<p>Iniciativa para fomentar de una manera amena y art\u00edstica el conocimiento de nuestro patrimonio local. Las bases para su participaci\u00f3n se encuentran en la entrada.<\/p>\n","protected":false},"author":1,"featured_media":0,"comment_status":"closed","ping_status":"open","sticky":false,"template":"","format":"standard","meta":{"_eb_attr":"","footnotes":""},"categories":[2],"tags":[],"_links":{"self":[{"href":"https:\/\/arcis.org.es\/index.php\/wp-json\/wp\/v2\/posts\/699"}],"collection":[{"href":"https:\/\/arcis.org.es\/index.php\/wp-json\/wp\/v2\/posts"}],"about":[{"href":"https:\/\/arcis.org.es\/index.php\/wp-json\/wp\/v2\/types\/post"}],"author":[{"embeddable":true,"href":"https:\/\/arcis.org.es\/index.php\/wp-json\/wp\/v2\/users\/1"}],"replies":[{"embeddable":true,"href":"https:\/\/arcis.org.es\/index.php\/wp-json\/wp\/v2\/comments?post=699"}],"version-history":[{"count":2,"href":"https:\/\/arcis.org.es\/index.php\/wp-json\/wp\/v2\/posts\/699\/revisions"}],"predecessor-version":[{"id":874,"href":"https:\/\/arcis.org.es\/index.php\/wp-json\/wp\/v2\/posts\/699\/revisions\/874"}],"wp:attachment":[{"href":"https:\/\/arcis.org.es\/index.php\/wp-json\/wp\/v2\/media?parent=699"}],"wp:term":[{"taxonomy":"category","embeddable":true,"href":"https:\/\/arcis.org.es\/index.php\/wp-json\/wp\/v2\/categories?post=699"},{"taxonomy":"post_tag","embeddable":true,"href":"https:\/\/arcis.org.es\/index.php\/wp-json\/wp\/v2\/tags?post=699"}],"curies":[{"name":"wp","href":"https:\/\/api.w.org\/{rel}","templated":true}]}}