{"id":704,"date":"2020-07-31T09:06:31","date_gmt":"2020-07-31T09:06:31","guid":{"rendered":"https:\/\/arciscastillopsp.wordpress.com\/?p=578"},"modified":"2024-09-12T12:48:48","modified_gmt":"2024-09-12T10:48:48","slug":"noticias-28","status":"publish","type":"post","link":"https:\/\/arcis.org.es\/index.php\/2020\/07\/31\/noticias-28\/","title":{"rendered":"Acto-homenaje a Benito P\u00e9rez Gald\u00f3s"},"content":{"rendered":"<p style=\"text-align: justify;\">El pasado s\u00e1bado 25 de julio tuvo lugar el homenaje por el centenario de la muerte de Benito P\u00e9rez Gald\u00f3s que se celebr\u00f3 en Pe\u00f1as de San Pedro por parte de la Asociaci\u00f3n cultural ARCIS \u2013 Amigos del Castillo de Pe\u00f1as de San Pedro y en colaboraci\u00f3n con el Ayuntamiento de la localidad.<\/p>\n<p style=\"text-align: justify;\">El acto consisti\u00f3 en una conferencia llevada a cabo por Julio Salvador Salvador (Instituto de Historia \u2013 CSIC y UCM) sobre la literatura hist\u00f3rica de Gald\u00f3s, con la que se contextualiz\u00f3 su figura y sus trabajos, lo que sirvi\u00f3 para entender mejor su obra, estilo, trayectoria y trascendencia literaria.<br \/>Seguidamente se realiz\u00f3 una mesa redonda guiada por dos de los miembros de ARCIS (Jos\u00e9 Joaqu\u00edn Alfaro y Antonio Cort\u00e9s) en la que se habl\u00f3 sobre la presencia de Pe\u00f1as de San Pedro en la literatura del autor. Resulta bastante curioso c\u00f3mo P\u00e9rez Gald\u00f3s menciona el pueblo de Pe\u00f1as en varias ocasiones y en diferentes series de sus <em>Episodios Nacionales<\/em>. El p\u00fablico asistente se anim\u00f3 a participar y formar parte de la mesa redonda, lo que gener\u00f3 un debate muy interesante y enriquecedor sobre los temas comentados.<\/p>\n<p style=\"text-align: justify;\">Para finalizar, se anunci\u00f3 que desde la Asociaci\u00f3n cultural ARCIS se hab\u00edan iniciado las solicitudes formales con el Ayuntamiento para que se le otorgase el homenaje y reconocimiento oportuno. As\u00ed, se comunic\u00f3 que ser\u00eda votado en el Pleno del Ayuntamiento la concesi\u00f3n de su nombre a la biblioteca p\u00fablica para que pasase a titularse \u201cBiblioteca P\u00fablica Benito P\u00e9rez Gald\u00f3s \u2013 Pe\u00f1as de San Pedro\u201d. Un merecido homenaje para un autor universal que ha promocionado a nuestro municipio en una de sus obras magistrales.<\/p>\n<p style=\"text-align: justify;\">Sin m\u00e1s <span style=\"text-decoration: underline;\">queremos agradecer a todos los asistentes la buena acogida que tuvo la actividad<\/span>. Despu\u00e9s de tanto tiempo, debido a las circunstancias sanitarias por las que estamos pasado, <span style=\"text-decoration: underline;\">fue muy confortador encontrarnos con tantas caras conocidas<\/span>. Tambi\u00e9n queremos dar las gracias a Mario S\u00e1nchez por las fotograf\u00edas.<\/p>\n\n\n<div class=\"wp-block-columns are-vertically-aligned-top is-layout-flex wp-container-core-columns-layout-3 wp-block-columns-is-layout-flex\">\n<div class=\"wp-block-column is-vertically-aligned-top is-layout-flow wp-block-column-is-layout-flow\" style=\"flex-basis:100%\">\n<div class=\"wp-block-columns is-layout-flex wp-container-core-columns-layout-2 wp-block-columns-is-layout-flex\">\n<div class=\"wp-block-column is-layout-flow wp-block-column-is-layout-flow\" style=\"flex-basis:100%\">\n<div class=\"wp-block-group is-layout-flow wp-block-group-is-layout-flow\"><div class=\"wp-block-group__inner-container\">\n<div class=\"wp-block-columns is-layout-flex wp-container-core-columns-layout-1 wp-block-columns-is-layout-flex\">\n<div class=\"wp-block-column is-layout-flow wp-block-column-is-layout-flow\" style=\"flex-basis:100%\">\n<figure class=\"wp-block-gallery has-nested-images columns-default is-cropped wp-block-gallery-1 is-layout-flex wp-block-gallery-is-layout-flex\">\n<figure class=\"wp-block-image size-large\"><a href=\"https:\/\/arcis.org.es\/wp-content\/uploads\/2020\/07\/IMG_3797-2-scaled.jpg\"><img fetchpriority=\"high\" decoding=\"async\" width=\"2560\" height=\"1707\" src=\"https:\/\/arcis.org.es\/wp-content\/uploads\/2020\/07\/IMG_3797-2-scaled.jpg\" alt=\"\" class=\"wp-image-1182\" srcset=\"https:\/\/arcis.org.es\/wp-content\/uploads\/2020\/07\/IMG_3797-2-scaled.jpg 2560w, https:\/\/arcis.org.es\/wp-content\/uploads\/2020\/07\/IMG_3797-2-300x200.jpg 300w, https:\/\/arcis.org.es\/wp-content\/uploads\/2020\/07\/IMG_3797-2-1024x683.jpg 1024w, https:\/\/arcis.org.es\/wp-content\/uploads\/2020\/07\/IMG_3797-2-768x512.jpg 768w, https:\/\/arcis.org.es\/wp-content\/uploads\/2020\/07\/IMG_3797-2-1536x1024.jpg 1536w, https:\/\/arcis.org.es\/wp-content\/uploads\/2020\/07\/IMG_3797-2-2048x1365.jpg 2048w\" sizes=\"(max-width: 2560px) 100vw, 2560px\" \/><\/a><\/figure>\n\n\n\n<figure class=\"wp-block-image size-large\"><a href=\"https:\/\/arcis.org.es\/wp-content\/uploads\/2020\/07\/IMG_3805-2-scaled.jpg\"><img decoding=\"async\" width=\"2560\" height=\"1707\" src=\"https:\/\/arcis.org.es\/wp-content\/uploads\/2020\/07\/IMG_3805-2-scaled.jpg\" alt=\"\" class=\"wp-image-1183\" srcset=\"https:\/\/arcis.org.es\/wp-content\/uploads\/2020\/07\/IMG_3805-2-scaled.jpg 2560w, https:\/\/arcis.org.es\/wp-content\/uploads\/2020\/07\/IMG_3805-2-300x200.jpg 300w, https:\/\/arcis.org.es\/wp-content\/uploads\/2020\/07\/IMG_3805-2-1024x683.jpg 1024w, https:\/\/arcis.org.es\/wp-content\/uploads\/2020\/07\/IMG_3805-2-768x512.jpg 768w, https:\/\/arcis.org.es\/wp-content\/uploads\/2020\/07\/IMG_3805-2-1536x1024.jpg 1536w, https:\/\/arcis.org.es\/wp-content\/uploads\/2020\/07\/IMG_3805-2-2048x1365.jpg 2048w\" sizes=\"(max-width: 2560px) 100vw, 2560px\" \/><\/a><\/figure>\n\n\n\n<figure class=\"wp-block-image size-large\"><a href=\"https:\/\/arcis.org.es\/wp-content\/uploads\/2020\/07\/IMG_3811-2-scaled.jpg\"><img decoding=\"async\" width=\"2560\" height=\"1707\" src=\"https:\/\/arcis.org.es\/wp-content\/uploads\/2020\/07\/IMG_3811-2-scaled.jpg\" alt=\"\" class=\"wp-image-1185\" srcset=\"https:\/\/arcis.org.es\/wp-content\/uploads\/2020\/07\/IMG_3811-2-scaled.jpg 2560w, https:\/\/arcis.org.es\/wp-content\/uploads\/2020\/07\/IMG_3811-2-300x200.jpg 300w, https:\/\/arcis.org.es\/wp-content\/uploads\/2020\/07\/IMG_3811-2-1024x683.jpg 1024w, https:\/\/arcis.org.es\/wp-content\/uploads\/2020\/07\/IMG_3811-2-768x512.jpg 768w, https:\/\/arcis.org.es\/wp-content\/uploads\/2020\/07\/IMG_3811-2-1536x1024.jpg 1536w, https:\/\/arcis.org.es\/wp-content\/uploads\/2020\/07\/IMG_3811-2-2048x1365.jpg 2048w\" sizes=\"(max-width: 2560px) 100vw, 2560px\" \/><\/a><\/figure>\n<\/figure>\n<\/div>\n<\/div>\n<\/div><\/div>\n<\/div>\n<\/div>\n<\/div>\n<\/div>\n","protected":false},"excerpt":{"rendered":"<p>Resumen de la actividad llevada a cabo el pasado 25 de julio por el centenario de la muerte de Benito P\u00e9rez Gald\u00f3s.<\/p>\n","protected":false},"author":1,"featured_media":790,"comment_status":"open","ping_status":"open","sticky":false,"template":"","format":"standard","meta":{"_eb_attr":"","footnotes":""},"categories":[3],"tags":[],"_links":{"self":[{"href":"https:\/\/arcis.org.es\/index.php\/wp-json\/wp\/v2\/posts\/704"}],"collection":[{"href":"https:\/\/arcis.org.es\/index.php\/wp-json\/wp\/v2\/posts"}],"about":[{"href":"https:\/\/arcis.org.es\/index.php\/wp-json\/wp\/v2\/types\/post"}],"author":[{"embeddable":true,"href":"https:\/\/arcis.org.es\/index.php\/wp-json\/wp\/v2\/users\/1"}],"replies":[{"embeddable":true,"href":"https:\/\/arcis.org.es\/index.php\/wp-json\/wp\/v2\/comments?post=704"}],"version-history":[{"count":3,"href":"https:\/\/arcis.org.es\/index.php\/wp-json\/wp\/v2\/posts\/704\/revisions"}],"predecessor-version":[{"id":1186,"href":"https:\/\/arcis.org.es\/index.php\/wp-json\/wp\/v2\/posts\/704\/revisions\/1186"}],"wp:featuredmedia":[{"embeddable":true,"href":"https:\/\/arcis.org.es\/index.php\/wp-json\/wp\/v2\/media\/790"}],"wp:attachment":[{"href":"https:\/\/arcis.org.es\/index.php\/wp-json\/wp\/v2\/media?parent=704"}],"wp:term":[{"taxonomy":"category","embeddable":true,"href":"https:\/\/arcis.org.es\/index.php\/wp-json\/wp\/v2\/categories?post=704"},{"taxonomy":"post_tag","embeddable":true,"href":"https:\/\/arcis.org.es\/index.php\/wp-json\/wp\/v2\/tags?post=704"}],"curies":[{"name":"wp","href":"https:\/\/api.w.org\/{rel}","templated":true}]}}